{"id":670,"date":"2018-11-06T14:52:10","date_gmt":"2018-11-06T17:52:10","guid":{"rendered":"http:\/\/itajaipar.com.br\/?p=670"},"modified":"2018-11-06T14:52:10","modified_gmt":"2018-11-06T17:52:10","slug":"brde-presente-em-itajai","status":"publish","type":"post","link":"https:\/\/www.itajaipar.com.br\/?p=670","title":{"rendered":"BRDE presente em Itaja\u00ed"},"content":{"rendered":"<div id='gallery-1' class='gallery galleryid-670 gallery-columns-1 gallery-size-full'><figure class='gallery-item'>\n\t\t\t<div class='gallery-icon landscape'>\n\t\t\t\t<a href='https:\/\/www.itajaipar.com.br\/?attachment_id=671'><img loading=\"lazy\" decoding=\"async\" width=\"640\" height=\"424\" src=\"https:\/\/www.itajaipar.com.br\/wp-content\/uploads\/2018\/11\/15415263783e1af5d613b93cac8f8c5471be81e591.jpg\" class=\"attachment-full size-full\" alt=\"\" srcset=\"https:\/\/www.itajaipar.com.br\/wp-content\/uploads\/2018\/11\/15415263783e1af5d613b93cac8f8c5471be81e591.jpg 640w, https:\/\/www.itajaipar.com.br\/wp-content\/uploads\/2018\/11\/15415263783e1af5d613b93cac8f8c5471be81e591-300x199.jpg 300w\" sizes=\"auto, (max-width: 640px) 100vw, 640px\" \/><\/a>\n\t\t\t<\/div><\/figure>\n\t\t<\/div>\n\n<p>O Munic\u00edpio de Itaja\u00ed, por meio da Itaja\u00ed Participa\u00e7\u00f5es e em parceria com a Secretaria de Desenvolvimento Econ\u00f4mico, Emprego e Renda (Sedeer), realizou nesta segunda-feira (05) o lan\u00e7amento da unidade do Banco Regional de Desenvolvimento do Extremo Sul (BRDE). A institui\u00e7\u00e3o atender\u00e1 no Centro de Servi\u00e7os Integrados.<\/p>\n<p>\u201cA vinda desta unidade para Itaja\u00ed reafirma a import\u00e2ncia da cidade para regi\u00e3o e para o Estado. Tenho certeza que ela vai obter sucesso e se traduzir em resultados positivos\u201d, ressalta o prefeito Volnei Morastoni.<\/p>\n<p>A iniciativa visa oportunizar atendimento para as empresas que procuram investir em Itaja\u00ed. Anteriormente s\u00f3 era poss\u00edvel atrav\u00e9s das unidades de Florian\u00f3polis, Joinville, Lages e Chapec\u00f3.<\/p>\n<p>\u201cAl\u00e9m de facilitar muito o acesso dos empres\u00e1rios de Itaja\u00ed ao BRDE, com essa unidade instalada o banco vai entender ainda mais a import\u00e2ncia e relev\u00e2ncia da economia da cidade para Santa Catarina\u201d, complementa o diretor presidente Itaja\u00ed Participa\u00e7\u00f5es, Jair Bondicz.<\/p>\n<p>O BRDE foi fundado em 15 de junho de 1961 pelos Estados do Rio Grande do Sul, Santa Catarina e Paran\u00e1, com o objetivo de fazer o Sul do Brasil prosperar.<\/p>\n<p>\u201cApoiamos e acompanhamos o desenvolvimento de projetos para aumentar a competitividade de empreendimentos de todos os portes na regi\u00e3o. Uma refer\u00eancia em financiamentos de longo prazo para investimentos, capaz de transformar projetos em realidades\u201d, ressalta o vice-presidente e diretor de acompanhamento e recupera\u00e7\u00e3o de cr\u00e9dito, Neuto Fausto de Conto.<\/p>\n","protected":false},"excerpt":{"rendered":"<p>O Munic\u00edpio de Itaja\u00ed, por meio da Itaja\u00ed Participa\u00e7\u00f5es e em parceria com a Secretaria de Desenvolvimento Econ\u00f4mico, Emprego e Renda (Sedeer), realizou nesta segunda-feira (05) o lan\u00e7amento da unidade do Banco Regional de Desenvolvimento do Extremo Sul (BRDE). A<\/p>\n","protected":false},"author":2,"featured_media":0,"comment_status":"closed","ping_status":"closed","sticky":false,"template":"","format":"standard","meta":{"footnotes":""},"categories":[11],"tags":[],"class_list":["post-670","post","type-post","status-publish","format-standard","hentry","category-noticias"],"_links":{"self":[{"href":"https:\/\/www.itajaipar.com.br\/index.php?rest_route=\/wp\/v2\/posts\/670","targetHints":{"allow":["GET"]}}],"collection":[{"href":"https:\/\/www.itajaipar.com.br\/index.php?rest_route=\/wp\/v2\/posts"}],"about":[{"href":"https:\/\/www.itajaipar.com.br\/index.php?rest_route=\/wp\/v2\/types\/post"}],"author":[{"embeddable":true,"href":"https:\/\/www.itajaipar.com.br\/index.php?rest_route=\/wp\/v2\/users\/2"}],"replies":[{"embeddable":true,"href":"https:\/\/www.itajaipar.com.br\/index.php?rest_route=%2Fwp%2Fv2%2Fcomments&post=670"}],"version-history":[{"count":1,"href":"https:\/\/www.itajaipar.com.br\/index.php?rest_route=\/wp\/v2\/posts\/670\/revisions"}],"predecessor-version":[{"id":672,"href":"https:\/\/www.itajaipar.com.br\/index.php?rest_route=\/wp\/v2\/posts\/670\/revisions\/672"}],"wp:attachment":[{"href":"https:\/\/www.itajaipar.com.br\/index.php?rest_route=%2Fwp%2Fv2%2Fmedia&parent=670"}],"wp:term":[{"taxonomy":"category","embeddable":true,"href":"https:\/\/www.itajaipar.com.br\/index.php?rest_route=%2Fwp%2Fv2%2Fcategories&post=670"},{"taxonomy":"post_tag","embeddable":true,"href":"https:\/\/www.itajaipar.com.br\/index.php?rest_route=%2Fwp%2Fv2%2Ftags&post=670"}],"curies":[{"name":"wp","href":"https:\/\/api.w.org\/{rel}","templated":true}]}}